{"id":1135,"date":"2013-06-30T07:52:23","date_gmt":"2013-06-30T06:52:23","guid":{"rendered":"http:\/\/www.bildlachs.de\/?p=1135"},"modified":"2013-07-30T17:01:44","modified_gmt":"2013-07-30T16:01:44","slug":"neue-ausstellung-im-september","status":"publish","type":"post","link":"http:\/\/www.bildlachs.de\/?p=1135","title":{"rendered":"Neue Ausstellung im September!"},"content":{"rendered":"<p style=\"text-align: center;\"><a href=\"http:\/\/www.bildlachs.de\/wp-content\/uploads\/2013\/06\/comp_Plakat-A01.jpg\"><img loading=\"lazy\" decoding=\"async\" class=\"aligncenter size-full wp-image-1163\" title=\"comp_Plakat A0\" src=\"http:\/\/www.bildlachs.de\/wp-content\/uploads\/2013\/06\/comp_Plakat-A01.jpg\" alt=\"\" width=\"465\" height=\"678\" srcset=\"http:\/\/www.bildlachs.de\/wp-content\/uploads\/2013\/06\/comp_Plakat-A01.jpg 465w, http:\/\/www.bildlachs.de\/wp-content\/uploads\/2013\/06\/comp_Plakat-A01-205x300.jpg 205w\" sizes=\"auto, (max-width: 465px) 100vw, 465px\" \/><\/a>Wir w\u00fcrden uns freuen, wieder zahlreiche Besucher begr\u00fc\u00dfen zu d\u00fcrfen.<\/p>\n<p style=\"text-align: center;\">&nbsp;<\/p>\n<p style=\"text-align: center;\">Er\u00f6ffnung: 13.09.13 \u2013 19:00 Uhr<br \/>\nMAYA \u2013 Galerie &amp; Caf\u00e9<br \/>\nWismarsche Str. 21 \/ 18057 Rostock<\/p>\n","protected":false},"excerpt":{"rendered":"<p>Wir w\u00fcrden uns freuen, wieder zahlreiche Besucher begr\u00fc\u00dfen zu d\u00fcrfen. &nbsp; Er\u00f6ffnung: 13.09.13 \u2013 19:00 Uhr MAYA \u2013 Galerie &amp; Caf\u00e9 Wismarsche Str. 21 \/ 18057 Rostock<\/p>\n","protected":false},"author":3,"featured_media":0,"comment_status":"closed","ping_status":"closed","sticky":false,"template":"","format":"standard","meta":{"ngg_post_thumbnail":0,"footnotes":""},"categories":[153],"tags":[],"class_list":["post-1135","post","type-post","status-publish","format-standard","hentry","category-ausstellungen"],"_links":{"self":[{"href":"http:\/\/www.bildlachs.de\/index.php?rest_route=\/wp\/v2\/posts\/1135","targetHints":{"allow":["GET"]}}],"collection":[{"href":"http:\/\/www.bildlachs.de\/index.php?rest_route=\/wp\/v2\/posts"}],"about":[{"href":"http:\/\/www.bildlachs.de\/index.php?rest_route=\/wp\/v2\/types\/post"}],"author":[{"embeddable":true,"href":"http:\/\/www.bildlachs.de\/index.php?rest_route=\/wp\/v2\/users\/3"}],"replies":[{"embeddable":true,"href":"http:\/\/www.bildlachs.de\/index.php?rest_route=%2Fwp%2Fv2%2Fcomments&post=1135"}],"version-history":[{"count":5,"href":"http:\/\/www.bildlachs.de\/index.php?rest_route=\/wp\/v2\/posts\/1135\/revisions"}],"predecessor-version":[{"id":1141,"href":"http:\/\/www.bildlachs.de\/index.php?rest_route=\/wp\/v2\/posts\/1135\/revisions\/1141"}],"wp:attachment":[{"href":"http:\/\/www.bildlachs.de\/index.php?rest_route=%2Fwp%2Fv2%2Fmedia&parent=1135"}],"wp:term":[{"taxonomy":"category","embeddable":true,"href":"http:\/\/www.bildlachs.de\/index.php?rest_route=%2Fwp%2Fv2%2Fcategories&post=1135"},{"taxonomy":"post_tag","embeddable":true,"href":"http:\/\/www.bildlachs.de\/index.php?rest_route=%2Fwp%2Fv2%2Ftags&post=1135"}],"curies":[{"name":"wp","href":"https:\/\/api.w.org\/{rel}","templated":true}]}}