{"id":352,"date":"2010-12-30T19:38:56","date_gmt":"2010-12-30T18:38:56","guid":{"rendered":"http:\/\/www.bildlachs.de\/?p=352"},"modified":"2011-01-08T15:04:27","modified_gmt":"2011-01-08T14:04:27","slug":"bild-der-woche-52","status":"publish","type":"post","link":"http:\/\/www.bildlachs.de\/?p=352","title":{"rendered":"Bild der Woche &#8211; 52"},"content":{"rendered":"<div><span style=\"font-family: Calibri;\"><a href=\"http:\/\/www.bildlachs.de\/wp-content\/uploads\/2010\/12\/Mole.jpg\"><img loading=\"lazy\" decoding=\"async\" class=\"size-full wp-image-353 alignleft\" title=\"Mole\" src=\"http:\/\/www.bildlachs.de\/wp-content\/uploads\/2010\/12\/Mole.jpg\" alt=\"\" width=\"578\" height=\"366\" \/><\/a>Es war der 2. Weihnachtsfeiertag 2010. Nach der obligatorischen V\u00f6llerei der Vortage inklusive G\u00e4nsebraten trieb es mich raus an die frische Luft. <\/span><span style=\"font-family: Calibri;\">Mein Ziel war Warnem\u00fcnde, was sich als gute Idee erwies. Das Grau des Himmels der vergangenen Tage riss auf, so dass sich interessante Strukturen <\/span><span style=\"font-family: Calibri;\">am Himmel bildeten.\u00a0Die Mole zeigte sich von einem Panzer aus Schnee und Eis bedeckt, und Teile der Ostsee begannen zuzufrieren. So ergaben sich <\/span><span style=\"font-family: Calibri;\">eine Menge lohnender Motive. Bei diesem Bild reizte mich vor allem die Tiefenwirkung durch die verschiedenen horizontalen Linien und der Molenturm <\/span><span style=\"font-family: Calibri;\">als vertikales Gegenst\u00fcck dazu und nat\u00fcrlich auch der Kontrast der sehr dunklen Wolken und Steine zu den wei\u00dfen Partien aus Eis, Schnee und Wolken.\u00a0<\/span><span style=\"font-family: Calibri;\">Dies\u00a0<\/span><span style=\"font-family: Calibri;\">bewog mich auch dazu, das f\u00fcr mich eher ungew\u00f6hnliche Schwarzweissformat zu w\u00e4hlen&#8230;<\/span><\/div>\n","protected":false},"excerpt":{"rendered":"<p>Es war der 2. Weihnachtsfeiertag 2010. Nach der obligatorischen V\u00f6llerei der Vortage inklusive G\u00e4nsebraten trieb es mich raus an die frische Luft. Mein Ziel war Warnem\u00fcnde, was sich als gute Idee erwies. Das Grau des Himmels der vergangenen Tage riss auf, so dass sich interessante Strukturen am Himmel bildeten.\u00a0Die Mole zeigte sich von einem Panzer [&hellip;]<\/p>\n","protected":false},"author":3,"featured_media":0,"comment_status":"closed","ping_status":"closed","sticky":false,"template":"","format":"standard","meta":{"ngg_post_thumbnail":0,"footnotes":""},"categories":[135],"tags":[],"class_list":["post-352","post","type-post","status-publish","format-standard","hentry","category-bild-der-woche"],"_links":{"self":[{"href":"http:\/\/www.bildlachs.de\/index.php?rest_route=\/wp\/v2\/posts\/352","targetHints":{"allow":["GET"]}}],"collection":[{"href":"http:\/\/www.bildlachs.de\/index.php?rest_route=\/wp\/v2\/posts"}],"about":[{"href":"http:\/\/www.bildlachs.de\/index.php?rest_route=\/wp\/v2\/types\/post"}],"author":[{"embeddable":true,"href":"http:\/\/www.bildlachs.de\/index.php?rest_route=\/wp\/v2\/users\/3"}],"replies":[{"embeddable":true,"href":"http:\/\/www.bildlachs.de\/index.php?rest_route=%2Fwp%2Fv2%2Fcomments&post=352"}],"version-history":[{"count":7,"href":"http:\/\/www.bildlachs.de\/index.php?rest_route=\/wp\/v2\/posts\/352\/revisions"}],"predecessor-version":[{"id":370,"href":"http:\/\/www.bildlachs.de\/index.php?rest_route=\/wp\/v2\/posts\/352\/revisions\/370"}],"wp:attachment":[{"href":"http:\/\/www.bildlachs.de\/index.php?rest_route=%2Fwp%2Fv2%2Fmedia&parent=352"}],"wp:term":[{"taxonomy":"category","embeddable":true,"href":"http:\/\/www.bildlachs.de\/index.php?rest_route=%2Fwp%2Fv2%2Fcategories&post=352"},{"taxonomy":"post_tag","embeddable":true,"href":"http:\/\/www.bildlachs.de\/index.php?rest_route=%2Fwp%2Fv2%2Ftags&post=352"}],"curies":[{"name":"wp","href":"https:\/\/api.w.org\/{rel}","templated":true}]}}