{"id":401,"date":"2011-01-28T20:54:45","date_gmt":"2011-01-28T19:54:45","guid":{"rendered":"http:\/\/www.bildlachs.de\/?p=401"},"modified":"2011-01-28T22:47:58","modified_gmt":"2011-01-28T21:47:58","slug":"bild-der-woche-03","status":"publish","type":"post","link":"http:\/\/www.bildlachs.de\/?p=401","title":{"rendered":"Bild Der Woche &#8211; 04"},"content":{"rendered":"<div><a href=\"http:\/\/www.bildlachs.de\/wp-content\/uploads\/2011\/01\/nebel.jpg\"><img loading=\"lazy\" decoding=\"async\" class=\"aligncenter size-full wp-image-402\" title=\"nebel\" src=\"http:\/\/www.bildlachs.de\/wp-content\/uploads\/2011\/01\/nebel.jpg\" alt=\"\" width=\"578\" height=\"387\" srcset=\"http:\/\/www.bildlachs.de\/wp-content\/uploads\/2011\/01\/nebel.jpg 806w, http:\/\/www.bildlachs.de\/wp-content\/uploads\/2011\/01\/nebel-300x200.jpg 300w\" sizes=\"auto, (max-width: 578px) 100vw, 578px\" \/><\/a>Es war ein\u00a0tr\u00fcber, grauer Januartag. Auf dem Heimweg von der Arbeit bemerkte ich Nebel, der auf der Warnow stadteinw\u00e4rts zog. Also hab&#8216; ich zuhause schnell die Kamera geschnappt und bin Richtung Stadthafen geeilt. Ich hatte Gl\u00fcck, ein paar Nebelschwaden zogen im letzten Licht des Tages \u00fcber das teilweise noch gefrorene Wasser und h\u00fcllten das gegen\u00fcberliegende Ufer in einen interessanten Schleier&#8230;<\/div>\n","protected":false},"excerpt":{"rendered":"<p>Es war ein\u00a0tr\u00fcber, grauer Januartag. Auf dem Heimweg von der Arbeit bemerkte ich Nebel, der auf der Warnow stadteinw\u00e4rts zog. Also hab&#8216; ich zuhause schnell die Kamera geschnappt und bin Richtung Stadthafen geeilt. Ich hatte Gl\u00fcck, ein paar Nebelschwaden zogen im letzten Licht des Tages \u00fcber das teilweise noch gefrorene Wasser und h\u00fcllten das gegen\u00fcberliegende [&hellip;]<\/p>\n","protected":false},"author":3,"featured_media":0,"comment_status":"closed","ping_status":"closed","sticky":false,"template":"","format":"standard","meta":{"ngg_post_thumbnail":0,"footnotes":""},"categories":[135],"tags":[],"class_list":["post-401","post","type-post","status-publish","format-standard","hentry","category-bild-der-woche"],"_links":{"self":[{"href":"http:\/\/www.bildlachs.de\/index.php?rest_route=\/wp\/v2\/posts\/401","targetHints":{"allow":["GET"]}}],"collection":[{"href":"http:\/\/www.bildlachs.de\/index.php?rest_route=\/wp\/v2\/posts"}],"about":[{"href":"http:\/\/www.bildlachs.de\/index.php?rest_route=\/wp\/v2\/types\/post"}],"author":[{"embeddable":true,"href":"http:\/\/www.bildlachs.de\/index.php?rest_route=\/wp\/v2\/users\/3"}],"replies":[{"embeddable":true,"href":"http:\/\/www.bildlachs.de\/index.php?rest_route=%2Fwp%2Fv2%2Fcomments&post=401"}],"version-history":[{"count":7,"href":"http:\/\/www.bildlachs.de\/index.php?rest_route=\/wp\/v2\/posts\/401\/revisions"}],"predecessor-version":[{"id":411,"href":"http:\/\/www.bildlachs.de\/index.php?rest_route=\/wp\/v2\/posts\/401\/revisions\/411"}],"wp:attachment":[{"href":"http:\/\/www.bildlachs.de\/index.php?rest_route=%2Fwp%2Fv2%2Fmedia&parent=401"}],"wp:term":[{"taxonomy":"category","embeddable":true,"href":"http:\/\/www.bildlachs.de\/index.php?rest_route=%2Fwp%2Fv2%2Fcategories&post=401"},{"taxonomy":"post_tag","embeddable":true,"href":"http:\/\/www.bildlachs.de\/index.php?rest_route=%2Fwp%2Fv2%2Ftags&post=401"}],"curies":[{"name":"wp","href":"https:\/\/api.w.org\/{rel}","templated":true}]}}