{"id":412,"date":"2011-02-10T14:02:54","date_gmt":"2011-02-10T13:02:54","guid":{"rendered":"http:\/\/www.bildlachs.de\/?p=412"},"modified":"2011-02-10T14:02:54","modified_gmt":"2011-02-10T13:02:54","slug":"bild-der-woche-05","status":"publish","type":"post","link":"http:\/\/www.bildlachs.de\/?p=412","title":{"rendered":"Bild der Woche &#8211; 05"},"content":{"rendered":"<p><a href=\"http:\/\/www.bildlachs.de\/wp-content\/uploads\/2011\/02\/kaefighaltung-a23738705.jpg\"><img loading=\"lazy\" decoding=\"async\" class=\"alignnone size-full wp-image-413\" title=\"kaefighaltung-a23738705\" src=\"http:\/\/www.bildlachs.de\/wp-content\/uploads\/2011\/02\/kaefighaltung-a23738705.jpg\" alt=\"\" width=\"578\" height=\"578\" srcset=\"http:\/\/www.bildlachs.de\/wp-content\/uploads\/2011\/02\/kaefighaltung-a23738705.jpg 631w, http:\/\/www.bildlachs.de\/wp-content\/uploads\/2011\/02\/kaefighaltung-a23738705-150x150.jpg 150w, http:\/\/www.bildlachs.de\/wp-content\/uploads\/2011\/02\/kaefighaltung-a23738705-300x300.jpg 300w\" sizes=\"auto, (max-width: 578px) 100vw, 578px\" \/><\/a><\/p>\n<div>Am Rande der Demonstration &#8211; &#8222;Gegen Tiere&#8220;<\/div>\n<div>Es geht nat\u00fcrlich um K\u00e4fighaltung! Die herrlich rot und wei\u00df gestrichenen  Gitter erh\u00f6hen lt. wiss. Erkenntnissen die Legeleistung enorm. \u00c4hnliches kann  man bei demokratisch \u00a0gehaltenenen Mitteleurop\u00e4ern beobachten.<\/div>\n<div>In Berlin haben sich ca. 20.000.000 Legehennen zur Demonstration f\u00fcr bessere  Arbeitsbedingungen versammelt. Die Kundgebung verlief weitestgehend freil\u00e4ndlich  &#8230;.<\/p>\n<\/div>\n","protected":false},"excerpt":{"rendered":"<p>Am Rande der Demonstration &#8211; &#8222;Gegen Tiere&#8220; Es geht nat\u00fcrlich um K\u00e4fighaltung! Die herrlich rot und wei\u00df gestrichenen Gitter erh\u00f6hen lt. wiss. Erkenntnissen die Legeleistung enorm. \u00c4hnliches kann man bei demokratisch \u00a0gehaltenenen Mitteleurop\u00e4ern beobachten. In Berlin haben sich ca. 20.000.000 Legehennen zur Demonstration f\u00fcr bessere Arbeitsbedingungen versammelt. Die Kundgebung verlief weitestgehend freil\u00e4ndlich &#8230;.<\/p>\n","protected":false},"author":3,"featured_media":0,"comment_status":"closed","ping_status":"closed","sticky":false,"template":"","format":"standard","meta":{"ngg_post_thumbnail":0,"footnotes":""},"categories":[135],"tags":[],"class_list":["post-412","post","type-post","status-publish","format-standard","hentry","category-bild-der-woche"],"_links":{"self":[{"href":"http:\/\/www.bildlachs.de\/index.php?rest_route=\/wp\/v2\/posts\/412","targetHints":{"allow":["GET"]}}],"collection":[{"href":"http:\/\/www.bildlachs.de\/index.php?rest_route=\/wp\/v2\/posts"}],"about":[{"href":"http:\/\/www.bildlachs.de\/index.php?rest_route=\/wp\/v2\/types\/post"}],"author":[{"embeddable":true,"href":"http:\/\/www.bildlachs.de\/index.php?rest_route=\/wp\/v2\/users\/3"}],"replies":[{"embeddable":true,"href":"http:\/\/www.bildlachs.de\/index.php?rest_route=%2Fwp%2Fv2%2Fcomments&post=412"}],"version-history":[{"count":2,"href":"http:\/\/www.bildlachs.de\/index.php?rest_route=\/wp\/v2\/posts\/412\/revisions"}],"predecessor-version":[{"id":415,"href":"http:\/\/www.bildlachs.de\/index.php?rest_route=\/wp\/v2\/posts\/412\/revisions\/415"}],"wp:attachment":[{"href":"http:\/\/www.bildlachs.de\/index.php?rest_route=%2Fwp%2Fv2%2Fmedia&parent=412"}],"wp:term":[{"taxonomy":"category","embeddable":true,"href":"http:\/\/www.bildlachs.de\/index.php?rest_route=%2Fwp%2Fv2%2Fcategories&post=412"},{"taxonomy":"post_tag","embeddable":true,"href":"http:\/\/www.bildlachs.de\/index.php?rest_route=%2Fwp%2Fv2%2Ftags&post=412"}],"curies":[{"name":"wp","href":"https:\/\/api.w.org\/{rel}","templated":true}]}}