{"id":465,"date":"2011-04-18T17:45:16","date_gmt":"2011-04-18T16:45:16","guid":{"rendered":"http:\/\/www.bildlachs.de\/?p=465"},"modified":"2011-04-18T17:45:16","modified_gmt":"2011-04-18T16:45:16","slug":"bild-der-woche-13","status":"publish","type":"post","link":"http:\/\/www.bildlachs.de\/?p=465","title":{"rendered":"Bild der Woche &#8211; 13"},"content":{"rendered":"<p><a href=\"http:\/\/www.bildlachs.de\/wp-content\/uploads\/2011\/04\/ebbe-a24264069.jpg\"><img loading=\"lazy\" decoding=\"async\" class=\"alignnone size-full wp-image-466\" title=\"ebbe-a24264069\" src=\"http:\/\/www.bildlachs.de\/wp-content\/uploads\/2011\/04\/ebbe-a24264069.jpg\" alt=\"\" width=\"578\" height=\"578\" srcset=\"http:\/\/www.bildlachs.de\/wp-content\/uploads\/2011\/04\/ebbe-a24264069.jpg 700w, http:\/\/www.bildlachs.de\/wp-content\/uploads\/2011\/04\/ebbe-a24264069-150x150.jpg 150w, http:\/\/www.bildlachs.de\/wp-content\/uploads\/2011\/04\/ebbe-a24264069-300x300.jpg 300w\" sizes=\"auto, (max-width: 578px) 100vw, 578px\" \/><\/a><\/p>\n<p>..Interessant ist ebenfalls der Gezeitenunterschied,<br \/>\nder bis zu zw\u00f6lf Meter betr\u00e4gt,<br \/>\nwobei die bei Ebbe freigelegten Felsen oder<br \/>\nWattbereiche erheblich sein k\u00f6nnen.<\/p>\n<p>wiki<\/p>\n","protected":false},"excerpt":{"rendered":"<p>..Interessant ist ebenfalls der Gezeitenunterschied, der bis zu zw\u00f6lf Meter betr\u00e4gt, wobei die bei Ebbe freigelegten Felsen oder Wattbereiche erheblich sein k\u00f6nnen. wiki<\/p>\n","protected":false},"author":3,"featured_media":0,"comment_status":"open","ping_status":"closed","sticky":false,"template":"","format":"standard","meta":{"ngg_post_thumbnail":0,"footnotes":""},"categories":[135],"tags":[],"class_list":["post-465","post","type-post","status-publish","format-standard","hentry","category-bild-der-woche"],"_links":{"self":[{"href":"http:\/\/www.bildlachs.de\/index.php?rest_route=\/wp\/v2\/posts\/465","targetHints":{"allow":["GET"]}}],"collection":[{"href":"http:\/\/www.bildlachs.de\/index.php?rest_route=\/wp\/v2\/posts"}],"about":[{"href":"http:\/\/www.bildlachs.de\/index.php?rest_route=\/wp\/v2\/types\/post"}],"author":[{"embeddable":true,"href":"http:\/\/www.bildlachs.de\/index.php?rest_route=\/wp\/v2\/users\/3"}],"replies":[{"embeddable":true,"href":"http:\/\/www.bildlachs.de\/index.php?rest_route=%2Fwp%2Fv2%2Fcomments&post=465"}],"version-history":[{"count":2,"href":"http:\/\/www.bildlachs.de\/index.php?rest_route=\/wp\/v2\/posts\/465\/revisions"}],"predecessor-version":[{"id":476,"href":"http:\/\/www.bildlachs.de\/index.php?rest_route=\/wp\/v2\/posts\/465\/revisions\/476"}],"wp:attachment":[{"href":"http:\/\/www.bildlachs.de\/index.php?rest_route=%2Fwp%2Fv2%2Fmedia&parent=465"}],"wp:term":[{"taxonomy":"category","embeddable":true,"href":"http:\/\/www.bildlachs.de\/index.php?rest_route=%2Fwp%2Fv2%2Fcategories&post=465"},{"taxonomy":"post_tag","embeddable":true,"href":"http:\/\/www.bildlachs.de\/index.php?rest_route=%2Fwp%2Fv2%2Ftags&post=465"}],"curies":[{"name":"wp","href":"https:\/\/api.w.org\/{rel}","templated":true}]}}