{"id":500,"date":"2011-06-05T16:22:39","date_gmt":"2011-06-05T15:22:39","guid":{"rendered":"http:\/\/www.bildlachs.de\/?p=500"},"modified":"2011-06-19T21:14:43","modified_gmt":"2011-06-19T20:14:43","slug":"bild-der-woche-22","status":"publish","type":"post","link":"http:\/\/www.bildlachs.de\/?p=500","title":{"rendered":"Bild der Woche &#8211; 22"},"content":{"rendered":"<p><img loading=\"lazy\" decoding=\"async\" class=\"alignnone size-full wp-image-501\" title=\"Bild der Woche - 22\" src=\"http:\/\/www.bildlachs.de\/wp-content\/uploads\/2011\/06\/image-a24822305.jpg\" alt=\"\" width=\"576\" height=\"851\" srcset=\"http:\/\/www.bildlachs.de\/wp-content\/uploads\/2011\/06\/image-a24822305.jpg 626w, http:\/\/www.bildlachs.de\/wp-content\/uploads\/2011\/06\/image-a24822305-203x300.jpg 203w\" sizes=\"auto, (max-width: 576px) 100vw, 576px\" \/><\/p>\n<p>Nach der Wende sind auch Landschaften verbl\u00fcht. Hier in Bad S\u00fclze ist das Sol-  und Moorbad in einem kl\u00e4glichen Zustand, allerdings nicht ohne maroden Charme.  Was bringt wohl die Zukunft: Ratten oder Rentner?<\/p>\n","protected":false},"excerpt":{"rendered":"<p>Nach der Wende sind auch Landschaften verbl\u00fcht. Hier in Bad S\u00fclze ist das Sol- und Moorbad in einem kl\u00e4glichen Zustand, allerdings nicht ohne maroden Charme. Was bringt wohl die Zukunft: Ratten oder Rentner?<\/p>\n","protected":false},"author":3,"featured_media":0,"comment_status":"open","ping_status":"closed","sticky":false,"template":"","format":"standard","meta":{"ngg_post_thumbnail":0,"footnotes":""},"categories":[135],"tags":[],"class_list":["post-500","post","type-post","status-publish","format-standard","hentry","category-bild-der-woche"],"_links":{"self":[{"href":"http:\/\/www.bildlachs.de\/index.php?rest_route=\/wp\/v2\/posts\/500","targetHints":{"allow":["GET"]}}],"collection":[{"href":"http:\/\/www.bildlachs.de\/index.php?rest_route=\/wp\/v2\/posts"}],"about":[{"href":"http:\/\/www.bildlachs.de\/index.php?rest_route=\/wp\/v2\/types\/post"}],"author":[{"embeddable":true,"href":"http:\/\/www.bildlachs.de\/index.php?rest_route=\/wp\/v2\/users\/3"}],"replies":[{"embeddable":true,"href":"http:\/\/www.bildlachs.de\/index.php?rest_route=%2Fwp%2Fv2%2Fcomments&post=500"}],"version-history":[{"count":5,"href":"http:\/\/www.bildlachs.de\/index.php?rest_route=\/wp\/v2\/posts\/500\/revisions"}],"predecessor-version":[{"id":582,"href":"http:\/\/www.bildlachs.de\/index.php?rest_route=\/wp\/v2\/posts\/500\/revisions\/582"}],"wp:attachment":[{"href":"http:\/\/www.bildlachs.de\/index.php?rest_route=%2Fwp%2Fv2%2Fmedia&parent=500"}],"wp:term":[{"taxonomy":"category","embeddable":true,"href":"http:\/\/www.bildlachs.de\/index.php?rest_route=%2Fwp%2Fv2%2Fcategories&post=500"},{"taxonomy":"post_tag","embeddable":true,"href":"http:\/\/www.bildlachs.de\/index.php?rest_route=%2Fwp%2Fv2%2Ftags&post=500"}],"curies":[{"name":"wp","href":"https:\/\/api.w.org\/{rel}","templated":true}]}}