{"id":504,"date":"2011-06-14T16:11:03","date_gmt":"2011-06-14T15:11:03","guid":{"rendered":"http:\/\/www.bildlachs.de\/?p=504"},"modified":"2011-06-19T21:15:00","modified_gmt":"2011-06-19T20:15:00","slug":"bild-der-woche-23","status":"publish","type":"post","link":"http:\/\/www.bildlachs.de\/?p=504","title":{"rendered":"Bild der Woche &#8211; 23"},"content":{"rendered":"<p><img loading=\"lazy\" decoding=\"async\" class=\"alignnone size-full wp-image-505\" title=\"Bild der Woche - 23\" src=\"http:\/\/www.bildlachs.de\/wp-content\/uploads\/2011\/06\/Ostseekueste-a24868965.jpg\" alt=\"\" width=\"578\" height=\"336\" \/><\/p>\n<p>Die Ostseek\u00fcste ein paar Kilometer westlich von Warnem\u00fcnde. Wie geschaffen f\u00fcr Langzeitbelichtungen&#8230;<\/p>\n","protected":false},"excerpt":{"rendered":"<p>Die Ostseek\u00fcste ein paar Kilometer westlich von Warnem\u00fcnde. Wie geschaffen f\u00fcr Langzeitbelichtungen&#8230;<\/p>\n","protected":false},"author":3,"featured_media":0,"comment_status":"open","ping_status":"closed","sticky":false,"template":"","format":"standard","meta":{"ngg_post_thumbnail":0,"footnotes":""},"categories":[135],"tags":[],"class_list":["post-504","post","type-post","status-publish","format-standard","hentry","category-bild-der-woche"],"_links":{"self":[{"href":"http:\/\/www.bildlachs.de\/index.php?rest_route=\/wp\/v2\/posts\/504","targetHints":{"allow":["GET"]}}],"collection":[{"href":"http:\/\/www.bildlachs.de\/index.php?rest_route=\/wp\/v2\/posts"}],"about":[{"href":"http:\/\/www.bildlachs.de\/index.php?rest_route=\/wp\/v2\/types\/post"}],"author":[{"embeddable":true,"href":"http:\/\/www.bildlachs.de\/index.php?rest_route=\/wp\/v2\/users\/3"}],"replies":[{"embeddable":true,"href":"http:\/\/www.bildlachs.de\/index.php?rest_route=%2Fwp%2Fv2%2Fcomments&post=504"}],"version-history":[{"count":10,"href":"http:\/\/www.bildlachs.de\/index.php?rest_route=\/wp\/v2\/posts\/504\/revisions"}],"predecessor-version":[{"id":584,"href":"http:\/\/www.bildlachs.de\/index.php?rest_route=\/wp\/v2\/posts\/504\/revisions\/584"}],"wp:attachment":[{"href":"http:\/\/www.bildlachs.de\/index.php?rest_route=%2Fwp%2Fv2%2Fmedia&parent=504"}],"wp:term":[{"taxonomy":"category","embeddable":true,"href":"http:\/\/www.bildlachs.de\/index.php?rest_route=%2Fwp%2Fv2%2Fcategories&post=504"},{"taxonomy":"post_tag","embeddable":true,"href":"http:\/\/www.bildlachs.de\/index.php?rest_route=%2Fwp%2Fv2%2Ftags&post=504"}],"curies":[{"name":"wp","href":"https:\/\/api.w.org\/{rel}","templated":true}]}}